{"id":706,"date":"2025-10-23T16:22:52","date_gmt":"2025-10-23T14:22:52","guid":{"rendered":"https:\/\/condedevalicourt.pruebasweb.com.es\/?p=706"},"modified":"2025-11-05T09:09:31","modified_gmt":"2025-11-05T08:09:31","slug":"coupage-de-alicia-brut-reserva-de-guarda-superior","status":"publish","type":"post","link":"https:\/\/condedevalicourt.com\/ca\/coupage-de-alicia-brut-reserva-de-guarda-superior\/","title":{"rendered":"COUPAGE DE ALICIA Brut Reserva de Guarda Superior"},"content":{"rendered":"<div class=\"fusion-fullwidth fullwidth-box fusion-builder-row-1 fusion-flex-container has-pattern-background has-mask-background nonhundred-percent-fullwidth non-hundred-percent-height-scrolling\" style=\"--awb-border-radius-top-left:0px;--awb-border-radius-top-right:0px;--awb-border-radius-bottom-right:0px;--awb-border-radius-bottom-left:0px;--awb-padding-right:0px;--awb-padding-left:0px;--awb-flex-wrap:wrap;\" ><div class=\"fusion-builder-row fusion-row fusion-flex-align-items-flex-start fusion-flex-content-wrap\" style=\"max-width:1248px;margin-left: calc(-4% \/ 2 );margin-right: calc(-4% \/ 2 );\"><div class=\"fusion-layout-column fusion_builder_column fusion-builder-column-0 fusion_builder_column_2_3 2_3 fusion-flex-column\" style=\"--awb-bg-size:cover;--awb-width-large:66.666666666667%;--awb-margin-top-large:0px;--awb-spacing-right-large:2.88%;--awb-margin-bottom-large:20px;--awb-spacing-left-large:2.88%;--awb-width-medium:66.666666666667%;--awb-order-medium:0;--awb-spacing-right-medium:2.88%;--awb-spacing-left-medium:2.88%;--awb-width-small:100%;--awb-order-small:0;--awb-spacing-right-small:1.92%;--awb-spacing-left-small:1.92%;\"><div class=\"fusion-column-wrapper fusion-column-has-shadow fusion-flex-justify-content-flex-start fusion-content-layout-column\"><div class=\"fusion-text fusion-text-1\" style=\"--awb-content-alignment:justify;\"><p>Una altra expressi\u00f3 del nostre homenatge a les dones que estimen el seu ofici i transmeten la seva energia i entusiasme als qui els envolten: parlem del <strong>COUPAGE DE ALICIA BRUT RESERVA DE GUARDA SUPERIOR<\/strong>, la versi\u00f3, una mica m\u00e9s jove, del seu hom\u00f2nim Brut Nature Gran Reserva de Guarda Superior. El nostre Brut Reserva t\u00e9 una crian\u00e7a m\u00ednima de 18 mesos i m\u00e0xima de 30 mesos: el per\u00edode de temps que estableix la normativa de la D.O. CAVA per a catalogar un cava com a <strong>RESERVA DE GUARDA SUPERIOR<\/strong>. Per qu\u00e8 ho elaborem brut? Encara que som especialistes en brut nature pur (un total de 7 varietats), sense addici\u00f3 de sucre despr\u00e9s del degollament, els gustos dels nostres clients s\u00f3n molt variats: la immensa majoria sou amants dels brut nature purs per\u00f2 altres preferiu caves amb addici\u00f3 de sucre, ja siguin Brut, Sec o Semi-Sec. I com no satisfer les vostres prefer\u00e8ncies? Dit i fet: v\u00e0rem crear per a vosaltres un cava una mica m\u00e9s jove que la versi\u00f3 gran reserva i suavitzat pel licor d\u2019expedici\u00f3. Et voil\u00e0: el <strong>COUPAGE DE ALICIA BRUT RESERVA DE GUARDA SUPERIOR<\/strong>.<\/p>\n<p>Qu\u00e8 busc\u00e0vem amb aquest cava? Vol\u00edem que fos lleuger, llaminer, suau, sense complicacions. Per a aix\u00f2, per sobre del xarel\u00b7lo i del macabeu, vam donar protagonisme a la parellada, que el va perfumar amb les seves notes florals i afruitades; v\u00e0rem decidir escur\u00e7ar-li la crian\u00e7a i que fos un Reserva i, per a equilibrar la seva acidesa i arrodonir-ho, ho v\u00e0rem transformar en brut, afegint-li 4 gr de sucre per litre. No ens va defraudar. Des que ho concebem en 2008, no ha fet una altra cosa que donar-nos alegries.<\/p>\n<p>Per qu\u00e8 ens agrada tant elaborar caves de llarga crian\u00e7a? Hem de partir de la base que les mat\u00e8ries primeres amb les quals els elaborem s\u00f3n de primera qualitat, la qual cosa ens permet sotmetre\u2019ls a llargues estades en ampolla, convivint amb els llevats i segellats amb tap de corona perqu\u00e8 vagin progressant. Si no tinguessin la qualitat suficient, no \u2018suportarien\u2019 el pas dels anys. I, quanta m\u00e9s crian\u00e7a, m\u00e9s integrat estar\u00e0 el carb\u00f2nic (les bombolletes s\u00f3n m\u00e9s petites) i m\u00e9s neutralitzarem l\u2019acidesa tan pr\u00f2pia del cava. Tamb\u00e9, gr\u00e0cies al treball dels llevats, el cava anir\u00e0 desenvolupant major complexitat d\u2019aromes: abandonar\u00e0 els primaris per a donar pas als secundaris. I, per descomptat, ser\u00e0 m\u00e9s fi i equilibrat en boca.<\/p>\n<\/div><\/div><\/div><div class=\"fusion-layout-column fusion_builder_column fusion-builder-column-1 fusion_builder_column_1_3 1_3 fusion-flex-column fusion-column-inner-bg-wrapper\" style=\"--awb-inner-bg-size:cover;--awb-width-large:33.333333333333%;--awb-margin-top-large:0px;--awb-spacing-right-large:5.76%;--awb-margin-bottom-large:20px;--awb-spacing-left-large:5.76%;--awb-width-medium:33.333333333333%;--awb-order-medium:0;--awb-spacing-right-medium:5.76%;--awb-spacing-left-medium:5.76%;--awb-width-small:100%;--awb-order-small:0;--awb-spacing-right-small:1.92%;--awb-spacing-left-small:1.92%;\" data-scroll-devices=\"small-visibility,medium-visibility,large-visibility\"><span class=\"fusion-column-inner-bg hover-type-none\"><a class=\"fusion-column-anchor\" href=\"\/ca\/producte\/coupage-de-alicia-brut-reserva\/\" rel=\"noopener noreferrer\" target=\"_blank\"><span class=\"fusion-column-inner-bg-image\"><\/span><\/a><\/span><div class=\"fusion-column-wrapper fusion-column-has-shadow fusion-flex-justify-content-flex-start fusion-content-layout-column\"><div class=\"fusion-image-element \" style=\"text-align:center;--awb-caption-title-font-family:var(--h2_typography-font-family);--awb-caption-title-font-weight:var(--h2_typography-font-weight);--awb-caption-title-font-style:var(--h2_typography-font-style);--awb-caption-title-size:var(--h2_typography-font-size);--awb-caption-title-transform:var(--h2_typography-text-transform);--awb-caption-title-line-height:var(--h2_typography-line-height);--awb-caption-title-letter-spacing:var(--h2_typography-letter-spacing);\"><span class=\" fusion-imageframe imageframe-none imageframe-1 hover-type-none\"><img decoding=\"async\" width=\"285\" height=\"675\" alt=\"COUPAGE DE ALICIA Brut Reserva de Guarda Superior\" title=\"coupage-de-alicia-brut-reserva-ficha-conde-de-valicourt-brut-i\" src=\"https:\/\/condedevalicourt.pruebasweb.com.es\/wp-content\/uploads\/coupage-de-alicia-brut-reserva-ficha-conde-de-valicourt-brut-i.webp\" class=\"img-responsive wp-image-704\" srcset=\"https:\/\/condedevalicourt.com\/wp-content\/uploads\/coupage-de-alicia-brut-reserva-ficha-conde-de-valicourt-brut-i-200x474.webp 200w, https:\/\/condedevalicourt.com\/wp-content\/uploads\/coupage-de-alicia-brut-reserva-ficha-conde-de-valicourt-brut-i.webp 285w\" sizes=\"(max-width: 640px) 100vw, 285px\" \/><\/span><\/div><div class=\"fusion-text fusion-text-2\" style=\"--awb-content-alignment:center;--awb-text-font-family:&quot;Open Sans&quot;;--awb-text-font-style:italic;--awb-text-font-weight:700;\"><p><em>COUPAGE DE ALICIA Brut Reserva de Guarda Superior<\/em><\/p>\n<\/div><\/div><\/div><div class=\"fusion-layout-column fusion_builder_column fusion-builder-column-2 fusion_builder_column_1_1 1_1 fusion-flex-column\" style=\"--awb-bg-size:cover;--awb-width-large:100%;--awb-margin-top-large:0px;--awb-spacing-right-large:1.92%;--awb-margin-bottom-large:20px;--awb-spacing-left-large:1.92%;--awb-width-medium:100%;--awb-order-medium:0;--awb-spacing-right-medium:1.92%;--awb-spacing-left-medium:1.92%;--awb-width-small:100%;--awb-order-small:0;--awb-spacing-right-small:1.92%;--awb-spacing-left-small:1.92%;\"><div class=\"fusion-column-wrapper fusion-column-has-shadow fusion-flex-justify-content-flex-start fusion-content-layout-column\"><div class=\"fusion-text fusion-text-3\"><p>Voleu saber qu\u00e8 us transmetr\u00e0 el <strong>COUPAGE DE ALICIA BRUT RESERVA DE GUARDA SUPERIOR<\/strong>? Notareu que el carb\u00f2nic est\u00e0 ben integrat, no \u00e9s gens molest. En nas, aromes secund\u00e0ries a fruita seca, crema i pastisseria, gr\u00e0cies a la seva maduraci\u00f3 amb els llevats. I, en boca, us sorprendr\u00e0 trobar notes de poma, pera, pr\u00e9ssec i pinya, en la seva versi\u00f3 madura.<\/p>\n<p>Ho gaudireu amb aperitius, amanides, arrossos, marisc, peix, formatges tous, catanias, brioixeria\u2026 I no us oblideu de la pasta: en qualsevol de les seves versions, us far\u00e0 gaudir encara m\u00e9s de l\u2019ocasi\u00f3.<\/p>\n<p>La seva crian\u00e7a i el fet que sigui brut el converteixen en un cava molt vers\u00e0til, fi, lleuger, gust\u00f3s i molt llaminer a qualsevol hora del dia. Nom\u00e9s heu de trobar el moment\u2026<\/p>\n<p>Per qu\u00e8 ens agrada tant elaborar caves de llarga crian\u00e7a? Hem de partir de la base que les mat\u00e8ries primeres amb les quals els elaborem s\u00f3n de primera qualitat, la qual cosa ens permet sotmetre\u2019ls a llargues estades en ampolla, convivint amb els llevats i segellats amb tap de corona perqu\u00e8 vagin progressant. Si no tinguessin la qualitat suficient, no \u2018suportarien\u2019 el pas dels anys. I, quanta m\u00e9s crian\u00e7a, m\u00e9s integrat estar\u00e0 el carb\u00f2nic (les bombolletes s\u00f3n m\u00e9s petites) i m\u00e9s neutralitzarem l\u2019acidesa tan pr\u00f2pia del cava. Tamb\u00e9, gr\u00e0cies al treball dels llevats, el cava anir\u00e0 desenvolupant major complexitat d\u2019aromes: abandonar\u00e0 els primaris per a donar pas als secundaris. I, per descomptat, ser\u00e0 m\u00e9s fi i equilibrat en boca.<\/p>\n<p>Voleu saber qu\u00e8 us transmetr\u00e0 el <strong>COUPAGE DE ALICIA BRUT RESERVA DE GUARDA SUPERIOR<\/strong>? Notareu que el carb\u00f2nic est\u00e0 ben integrat, no \u00e9s gens molest. En nas, aromes secund\u00e0ries a fruita seca, crema i pastisseria, gr\u00e0cies a la seva maduraci\u00f3 amb els llevats. I, en boca, us sorprendr\u00e0 trobar notes de poma, pera, pr\u00e9ssec i pinya, en la seva versi\u00f3 madura.<\/p>\n<p>Ho gaudireu amb aperitius, amanides, arrossos, marisc, peix, formatges tous, catanias, brioixeria\u2026 I no us oblideu de la pasta: en qualsevol de les seves versions, us far\u00e0 gaudir encara m\u00e9s de l\u2019ocasi\u00f3.<\/p>\n<p>La seva crian\u00e7a i el fet que sigui brut el converteixen en un cava molt vers\u00e0til, fi, lleuger, gust\u00f3s i molt llaminer a qualsevol hora del dia. Nom\u00e9s heu de trobar el moment\u2026<\/p>\n<\/div><\/div><\/div><\/div><\/div>\n","protected":false},"excerpt":{"rendered":"","protected":false},"author":1,"featured_media":705,"comment_status":"closed","ping_status":"closed","sticky":false,"template":"","format":"standard","meta":{"footnotes":""},"categories":[1],"tags":[],"class_list":["post-706","post","type-post","status-publish","format-standard","has-post-thumbnail","hentry","category-noticies"],"yoast_head":"<!-- This site is optimized with the Yoast SEO plugin v27.4 - https:\/\/yoast.com\/product\/yoast-seo-wordpress\/ -->\n<title>Coupage de Alicia Brut Reserva de Guarda Superior \u00b7 Conde de Valicourt (D.O. Cava)<\/title>\n<meta name=\"description\" content=\"Cava Brut Reserva de Guarda Superior (m\u00ednim 18 mesos) de Xarel\u00b7lo, Macabeo i Parellada, ecol\u00f2gic, fresc i elegant.\" \/>\n<meta name=\"robots\" content=\"index, follow, max-snippet:-1, max-image-preview:large, max-video-preview:-1\" \/>\n<link rel=\"canonical\" href=\"https:\/\/condedevalicourt.com\/ca\/coupage-de-alicia-brut-reserva-de-guarda-superior\/\" \/>\n<meta property=\"og:locale\" content=\"ca_ES\" \/>\n<meta property=\"og:type\" content=\"article\" \/>\n<meta property=\"og:title\" content=\"Coupage de Alicia Brut Reserva de Guarda Superior \u00b7 Conde de Valicourt (D.O. Cava)\" \/>\n<meta property=\"og:description\" content=\"Cava Brut Reserva de Guarda Superior (m\u00ednim 18 mesos) de Xarel\u00b7lo, Macabeo i Parellada, ecol\u00f2gic, fresc i elegant.\" \/>\n<meta property=\"og:url\" content=\"https:\/\/condedevalicourt.com\/ca\/coupage-de-alicia-brut-reserva-de-guarda-superior\/\" \/>\n<meta property=\"og:site_name\" content=\"Conde de Valicourt - Cavas artesanos - Pened\u00e9s (Sant Sadurn\u00ed de Noia)\" \/>\n<meta property=\"article:published_time\" content=\"2025-10-23T14:22:52+00:00\" \/>\n<meta property=\"article:modified_time\" content=\"2025-11-05T08:09:31+00:00\" \/>\n<meta property=\"og:image\" content=\"https:\/\/condedevalicourt.com\/wp-content\/uploads\/coupage-de-alicia-brut-reserva-ficha-conde-de-valicourt-d.webp\" \/>\n\t<meta property=\"og:image:width\" content=\"675\" \/>\n\t<meta property=\"og:image:height\" content=\"675\" \/>\n\t<meta property=\"og:image:type\" content=\"image\/webp\" \/>\n<meta name=\"author\" content=\"CdValicourt\" \/>\n<meta name=\"twitter:card\" content=\"summary_large_image\" \/>\n<meta name=\"twitter:label1\" content=\"Escrit per\" \/>\n\t<meta name=\"twitter:data1\" content=\"CdValicourt\" \/>\n\t<meta name=\"twitter:label2\" content=\"Temps estimat de lectura\" \/>\n\t<meta name=\"twitter:data2\" content=\"4 minuts\" \/>\n<script type=\"application\/ld+json\" class=\"yoast-schema-graph\">{\"@context\":\"https:\\\/\\\/schema.org\",\"@graph\":[{\"@type\":\"Article\",\"@id\":\"https:\\\/\\\/condedevalicourt.com\\\/ca\\\/coupage-de-alicia-brut-reserva-de-guarda-superior\\\/#article\",\"isPartOf\":{\"@id\":\"https:\\\/\\\/condedevalicourt.com\\\/ca\\\/coupage-de-alicia-brut-reserva-de-guarda-superior\\\/\"},\"author\":{\"name\":\"CdValicourt\",\"@id\":\"https:\\\/\\\/condedevalicourt.com\\\/ca\\\/#\\\/schema\\\/person\\\/49c60fab6c115846b467eb1d7cfa9177\"},\"headline\":\"COUPAGE DE ALICIA Brut Reserva de Guarda Superior\",\"datePublished\":\"2025-10-23T14:22:52+00:00\",\"dateModified\":\"2025-11-05T08:09:31+00:00\",\"mainEntityOfPage\":{\"@id\":\"https:\\\/\\\/condedevalicourt.com\\\/ca\\\/coupage-de-alicia-brut-reserva-de-guarda-superior\\\/\"},\"wordCount\":3485,\"image\":{\"@id\":\"https:\\\/\\\/condedevalicourt.com\\\/ca\\\/coupage-de-alicia-brut-reserva-de-guarda-superior\\\/#primaryimage\"},\"thumbnailUrl\":\"https:\\\/\\\/condedevalicourt.com\\\/wp-content\\\/uploads\\\/coupage-de-alicia-brut-reserva-ficha-conde-de-valicourt-d.webp\",\"articleSection\":[\"Noticies\"],\"inLanguage\":\"ca\"},{\"@type\":\"WebPage\",\"@id\":\"https:\\\/\\\/condedevalicourt.com\\\/ca\\\/coupage-de-alicia-brut-reserva-de-guarda-superior\\\/\",\"url\":\"https:\\\/\\\/condedevalicourt.com\\\/ca\\\/coupage-de-alicia-brut-reserva-de-guarda-superior\\\/\",\"name\":\"Coupage de Alicia Brut Reserva de Guarda Superior \u00b7 Conde de Valicourt (D.O. Cava)\",\"isPartOf\":{\"@id\":\"https:\\\/\\\/condedevalicourt.com\\\/ca\\\/#website\"},\"primaryImageOfPage\":{\"@id\":\"https:\\\/\\\/condedevalicourt.com\\\/ca\\\/coupage-de-alicia-brut-reserva-de-guarda-superior\\\/#primaryimage\"},\"image\":{\"@id\":\"https:\\\/\\\/condedevalicourt.com\\\/ca\\\/coupage-de-alicia-brut-reserva-de-guarda-superior\\\/#primaryimage\"},\"thumbnailUrl\":\"https:\\\/\\\/condedevalicourt.com\\\/wp-content\\\/uploads\\\/coupage-de-alicia-brut-reserva-ficha-conde-de-valicourt-d.webp\",\"datePublished\":\"2025-10-23T14:22:52+00:00\",\"dateModified\":\"2025-11-05T08:09:31+00:00\",\"author\":{\"@id\":\"https:\\\/\\\/condedevalicourt.com\\\/ca\\\/#\\\/schema\\\/person\\\/49c60fab6c115846b467eb1d7cfa9177\"},\"description\":\"Cava Brut Reserva de Guarda Superior (m\u00ednim 18 mesos) de Xarel\u00b7lo, Macabeo i Parellada, ecol\u00f2gic, fresc i elegant.\",\"breadcrumb\":{\"@id\":\"https:\\\/\\\/condedevalicourt.com\\\/ca\\\/coupage-de-alicia-brut-reserva-de-guarda-superior\\\/#breadcrumb\"},\"inLanguage\":\"ca\",\"potentialAction\":[{\"@type\":\"ReadAction\",\"target\":[\"https:\\\/\\\/condedevalicourt.com\\\/ca\\\/coupage-de-alicia-brut-reserva-de-guarda-superior\\\/\"]}]},{\"@type\":\"ImageObject\",\"inLanguage\":\"ca\",\"@id\":\"https:\\\/\\\/condedevalicourt.com\\\/ca\\\/coupage-de-alicia-brut-reserva-de-guarda-superior\\\/#primaryimage\",\"url\":\"https:\\\/\\\/condedevalicourt.com\\\/wp-content\\\/uploads\\\/coupage-de-alicia-brut-reserva-ficha-conde-de-valicourt-d.webp\",\"contentUrl\":\"https:\\\/\\\/condedevalicourt.com\\\/wp-content\\\/uploads\\\/coupage-de-alicia-brut-reserva-ficha-conde-de-valicourt-d.webp\",\"width\":675,\"height\":675,\"caption\":\"COUPAGE DE ALICIA Brut Reserva de Guarda Superior\"},{\"@type\":\"BreadcrumbList\",\"@id\":\"https:\\\/\\\/condedevalicourt.com\\\/ca\\\/coupage-de-alicia-brut-reserva-de-guarda-superior\\\/#breadcrumb\",\"itemListElement\":[{\"@type\":\"ListItem\",\"position\":1,\"name\":\"Portada\",\"item\":\"https:\\\/\\\/condedevalicourt.com\\\/ca\\\/\"},{\"@type\":\"ListItem\",\"position\":2,\"name\":\"COUPAGE DE ALICIA Brut Reserva de Guarda Superior\"}]},{\"@type\":\"WebSite\",\"@id\":\"https:\\\/\\\/condedevalicourt.com\\\/ca\\\/#website\",\"url\":\"https:\\\/\\\/condedevalicourt.com\\\/ca\\\/\",\"name\":\"Conde de Valicourt - Cavas artesanos - Pened\u00e9s (Sant Sadurn\u00ed de Noia)\",\"description\":\"\",\"potentialAction\":[{\"@type\":\"SearchAction\",\"target\":{\"@type\":\"EntryPoint\",\"urlTemplate\":\"https:\\\/\\\/condedevalicourt.com\\\/ca\\\/?s={search_term_string}\"},\"query-input\":{\"@type\":\"PropertyValueSpecification\",\"valueRequired\":true,\"valueName\":\"search_term_string\"}}],\"inLanguage\":\"ca\"},{\"@type\":\"Person\",\"@id\":\"https:\\\/\\\/condedevalicourt.com\\\/ca\\\/#\\\/schema\\\/person\\\/49c60fab6c115846b467eb1d7cfa9177\",\"name\":\"CdValicourt\",\"sameAs\":[\"https:\\\/\\\/condedevalicourt.pruebasweb.com.es\"],\"url\":\"https:\\\/\\\/condedevalicourt.com\\\/ca\\\/author\\\/CdValicourt\\\/\"}]}<\/script>\n<!-- \/ Yoast SEO plugin. -->","yoast_head_json":{"title":"Coupage de Alicia Brut Reserva de Guarda Superior \u00b7 Conde de Valicourt (D.O. Cava)","description":"Cava Brut Reserva de Guarda Superior (m\u00ednim 18 mesos) de Xarel\u00b7lo, Macabeo i Parellada, ecol\u00f2gic, fresc i elegant.","robots":{"index":"index","follow":"follow","max-snippet":"max-snippet:-1","max-image-preview":"max-image-preview:large","max-video-preview":"max-video-preview:-1"},"canonical":"https:\/\/condedevalicourt.com\/ca\/coupage-de-alicia-brut-reserva-de-guarda-superior\/","og_locale":"ca_ES","og_type":"article","og_title":"Coupage de Alicia Brut Reserva de Guarda Superior \u00b7 Conde de Valicourt (D.O. Cava)","og_description":"Cava Brut Reserva de Guarda Superior (m\u00ednim 18 mesos) de Xarel\u00b7lo, Macabeo i Parellada, ecol\u00f2gic, fresc i elegant.","og_url":"https:\/\/condedevalicourt.com\/ca\/coupage-de-alicia-brut-reserva-de-guarda-superior\/","og_site_name":"Conde de Valicourt - Cavas artesanos - Pened\u00e9s (Sant Sadurn\u00ed de Noia)","article_published_time":"2025-10-23T14:22:52+00:00","article_modified_time":"2025-11-05T08:09:31+00:00","og_image":[{"width":675,"height":675,"url":"https:\/\/condedevalicourt.com\/wp-content\/uploads\/coupage-de-alicia-brut-reserva-ficha-conde-de-valicourt-d.webp","type":"image\/webp"}],"author":"CdValicourt","twitter_card":"summary_large_image","twitter_misc":{"Escrit per":"CdValicourt","Temps estimat de lectura":"4 minuts"},"schema":{"@context":"https:\/\/schema.org","@graph":[{"@type":"Article","@id":"https:\/\/condedevalicourt.com\/ca\/coupage-de-alicia-brut-reserva-de-guarda-superior\/#article","isPartOf":{"@id":"https:\/\/condedevalicourt.com\/ca\/coupage-de-alicia-brut-reserva-de-guarda-superior\/"},"author":{"name":"CdValicourt","@id":"https:\/\/condedevalicourt.com\/ca\/#\/schema\/person\/49c60fab6c115846b467eb1d7cfa9177"},"headline":"COUPAGE DE ALICIA Brut Reserva de Guarda Superior","datePublished":"2025-10-23T14:22:52+00:00","dateModified":"2025-11-05T08:09:31+00:00","mainEntityOfPage":{"@id":"https:\/\/condedevalicourt.com\/ca\/coupage-de-alicia-brut-reserva-de-guarda-superior\/"},"wordCount":3485,"image":{"@id":"https:\/\/condedevalicourt.com\/ca\/coupage-de-alicia-brut-reserva-de-guarda-superior\/#primaryimage"},"thumbnailUrl":"https:\/\/condedevalicourt.com\/wp-content\/uploads\/coupage-de-alicia-brut-reserva-ficha-conde-de-valicourt-d.webp","articleSection":["Noticies"],"inLanguage":"ca"},{"@type":"WebPage","@id":"https:\/\/condedevalicourt.com\/ca\/coupage-de-alicia-brut-reserva-de-guarda-superior\/","url":"https:\/\/condedevalicourt.com\/ca\/coupage-de-alicia-brut-reserva-de-guarda-superior\/","name":"Coupage de Alicia Brut Reserva de Guarda Superior \u00b7 Conde de Valicourt (D.O. Cava)","isPartOf":{"@id":"https:\/\/condedevalicourt.com\/ca\/#website"},"primaryImageOfPage":{"@id":"https:\/\/condedevalicourt.com\/ca\/coupage-de-alicia-brut-reserva-de-guarda-superior\/#primaryimage"},"image":{"@id":"https:\/\/condedevalicourt.com\/ca\/coupage-de-alicia-brut-reserva-de-guarda-superior\/#primaryimage"},"thumbnailUrl":"https:\/\/condedevalicourt.com\/wp-content\/uploads\/coupage-de-alicia-brut-reserva-ficha-conde-de-valicourt-d.webp","datePublished":"2025-10-23T14:22:52+00:00","dateModified":"2025-11-05T08:09:31+00:00","author":{"@id":"https:\/\/condedevalicourt.com\/ca\/#\/schema\/person\/49c60fab6c115846b467eb1d7cfa9177"},"description":"Cava Brut Reserva de Guarda Superior (m\u00ednim 18 mesos) de Xarel\u00b7lo, Macabeo i Parellada, ecol\u00f2gic, fresc i elegant.","breadcrumb":{"@id":"https:\/\/condedevalicourt.com\/ca\/coupage-de-alicia-brut-reserva-de-guarda-superior\/#breadcrumb"},"inLanguage":"ca","potentialAction":[{"@type":"ReadAction","target":["https:\/\/condedevalicourt.com\/ca\/coupage-de-alicia-brut-reserva-de-guarda-superior\/"]}]},{"@type":"ImageObject","inLanguage":"ca","@id":"https:\/\/condedevalicourt.com\/ca\/coupage-de-alicia-brut-reserva-de-guarda-superior\/#primaryimage","url":"https:\/\/condedevalicourt.com\/wp-content\/uploads\/coupage-de-alicia-brut-reserva-ficha-conde-de-valicourt-d.webp","contentUrl":"https:\/\/condedevalicourt.com\/wp-content\/uploads\/coupage-de-alicia-brut-reserva-ficha-conde-de-valicourt-d.webp","width":675,"height":675,"caption":"COUPAGE DE ALICIA Brut Reserva de Guarda Superior"},{"@type":"BreadcrumbList","@id":"https:\/\/condedevalicourt.com\/ca\/coupage-de-alicia-brut-reserva-de-guarda-superior\/#breadcrumb","itemListElement":[{"@type":"ListItem","position":1,"name":"Portada","item":"https:\/\/condedevalicourt.com\/ca\/"},{"@type":"ListItem","position":2,"name":"COUPAGE DE ALICIA Brut Reserva de Guarda Superior"}]},{"@type":"WebSite","@id":"https:\/\/condedevalicourt.com\/ca\/#website","url":"https:\/\/condedevalicourt.com\/ca\/","name":"Conde de Valicourt - Cavas artesanos - Pened\u00e9s (Sant Sadurn\u00ed de Noia)","description":"","potentialAction":[{"@type":"SearchAction","target":{"@type":"EntryPoint","urlTemplate":"https:\/\/condedevalicourt.com\/ca\/?s={search_term_string}"},"query-input":{"@type":"PropertyValueSpecification","valueRequired":true,"valueName":"search_term_string"}}],"inLanguage":"ca"},{"@type":"Person","@id":"https:\/\/condedevalicourt.com\/ca\/#\/schema\/person\/49c60fab6c115846b467eb1d7cfa9177","name":"CdValicourt","sameAs":["https:\/\/condedevalicourt.pruebasweb.com.es"],"url":"https:\/\/condedevalicourt.com\/ca\/author\/CdValicourt\/"}]}},"_links":{"self":[{"href":"https:\/\/condedevalicourt.com\/ca\/wp-json\/wp\/v2\/posts\/706","targetHints":{"allow":["GET"]}}],"collection":[{"href":"https:\/\/condedevalicourt.com\/ca\/wp-json\/wp\/v2\/posts"}],"about":[{"href":"https:\/\/condedevalicourt.com\/ca\/wp-json\/wp\/v2\/types\/post"}],"author":[{"embeddable":true,"href":"https:\/\/condedevalicourt.com\/ca\/wp-json\/wp\/v2\/users\/1"}],"replies":[{"embeddable":true,"href":"https:\/\/condedevalicourt.com\/ca\/wp-json\/wp\/v2\/comments?post=706"}],"version-history":[{"count":0,"href":"https:\/\/condedevalicourt.com\/ca\/wp-json\/wp\/v2\/posts\/706\/revisions"}],"wp:featuredmedia":[{"embeddable":true,"href":"https:\/\/condedevalicourt.com\/ca\/wp-json\/wp\/v2\/media\/705"}],"wp:attachment":[{"href":"https:\/\/condedevalicourt.com\/ca\/wp-json\/wp\/v2\/media?parent=706"}],"wp:term":[{"taxonomy":"category","embeddable":true,"href":"https:\/\/condedevalicourt.com\/ca\/wp-json\/wp\/v2\/categories?post=706"},{"taxonomy":"post_tag","embeddable":true,"href":"https:\/\/condedevalicourt.com\/ca\/wp-json\/wp\/v2\/tags?post=706"}],"curies":[{"name":"wp","href":"https:\/\/api.w.org\/{rel}","templated":true}]}}