{"id":711,"date":"2025-10-23T16:22:18","date_gmt":"2025-10-23T14:22:18","guid":{"rendered":"https:\/\/condedevalicourt.pruebasweb.com.es\/?p=711"},"modified":"2025-11-05T09:10:46","modified_gmt":"2025-11-05T08:10:46","slug":"majestuoso-brut-nature-gran-reserva-guarda-superior","status":"publish","type":"post","link":"https:\/\/condedevalicourt.com\/ca\/majestuoso-brut-nature-gran-reserva-guarda-superior\/","title":{"rendered":"MAJESTUOSO Brut Nature Gran Reserva de Guarda Superior"},"content":{"rendered":"<div class=\"fusion-fullwidth fullwidth-box fusion-builder-row-1 fusion-flex-container has-pattern-background has-mask-background nonhundred-percent-fullwidth non-hundred-percent-height-scrolling\" style=\"--awb-border-radius-top-left:0px;--awb-border-radius-top-right:0px;--awb-border-radius-bottom-right:0px;--awb-border-radius-bottom-left:0px;--awb-padding-right:0px;--awb-padding-left:0px;--awb-flex-wrap:wrap;\" ><div class=\"fusion-builder-row fusion-row fusion-flex-align-items-flex-start fusion-flex-content-wrap\" style=\"max-width:1248px;margin-left: calc(-4% \/ 2 );margin-right: calc(-4% \/ 2 );\"><div class=\"fusion-layout-column fusion_builder_column fusion-builder-column-0 fusion_builder_column_2_3 2_3 fusion-flex-column\" style=\"--awb-bg-size:cover;--awb-width-large:66.666666666667%;--awb-margin-top-large:0px;--awb-spacing-right-large:2.88%;--awb-margin-bottom-large:20px;--awb-spacing-left-large:2.88%;--awb-width-medium:66.666666666667%;--awb-order-medium:0;--awb-spacing-right-medium:2.88%;--awb-spacing-left-medium:2.88%;--awb-width-small:100%;--awb-order-small:0;--awb-spacing-right-small:1.92%;--awb-spacing-left-small:1.92%;\"><div class=\"fusion-column-wrapper fusion-column-has-shadow fusion-flex-justify-content-flex-start fusion-content-layout-column\"><div class=\"fusion-text fusion-text-1\" style=\"--awb-content-alignment:justify;\"><p>El nostre cava amb major hist\u00f2ria i, segurament, el m\u00e9s desconegut. Creat per Pere Montserrat i Sard\u00e0, segona generaci\u00f3 d\u2019elaboradors de cava de la fam\u00edlia Montserrat i pare de l\u2019actual propietari de la cava, Mart\u00ed Pere Montserrat Esteve, hem mantingut el seu cupatge (percentatge dels diferents vins amb els que ho elaborem) original i escur\u00e7at la seva crian\u00e7a: dels 6 anys d\u2019estada en ampolla fent crian\u00e7a en les mines de les caves, ho passem a 4 anys, sent actualment un <strong>GRAN RESERVA DE GUARDA SUPERIOR<\/strong>.<\/p>\n<p>El registre de la marca <strong>MAJESTUOSO<\/strong> es va sol\u00b7licitar en 1943 i se\u2019ns va concedir en 1946, fa ja 75 anys. Com resumir en aquestes l\u00ednies la seva hist\u00f2ria?<\/p>\n<p>Com tots les nostres brut nature, el <strong>MAJESTUOSO<\/strong> \u00e9s pur, sense sucre afegit despr\u00e9s del degollament: els diab\u00e8tics poden prendre-ho amb moderaci\u00f3 i cont\u00e9 menys calories. Sempre aprofitarem per a defensar l\u2019elaboraci\u00f3 dels <strong>BRUT NATURE PURS<\/strong>, sense addici\u00f3 de licor d\u2019expedici\u00f3. Les nostres vinyes, situades en el pre-litoral central mediterrani, gaudeixen de gaireb\u00e9 300 dies de sol a l\u2019any, la qual cosa ens permet ser el bressol dels brut nature, la varietat de cava m\u00e9s saludable que, per exemple, a la regi\u00f3 de la Champagne, el centre neur\u00e0lgic de l\u2019elaboraci\u00f3 d\u2019un dels espumosos m\u00e9s prestigiosos del m\u00f3n, no \u00e9s possible elaborar (i, de fet, ni tan sols existeix) per el seu clima humit i ombr\u00edvol que d\u00f3na, com a fruit, ra\u00efm m\u00e9s \u00e0cid, sense gairab\u00e9 contingut de sucre. Com no respectar i gaudir d\u2019aquest privilegi que ens ha concedit la mare naturalesa d\u2019elaborar els brut nature purs? Ja ho aporta, gaireb\u00e9 tot, ella\u2026<\/p>\n<\/div><\/div><\/div><div class=\"fusion-layout-column fusion_builder_column fusion-builder-column-1 fusion_builder_column_1_3 1_3 fusion-flex-column fusion-column-inner-bg-wrapper\" style=\"--awb-inner-bg-size:cover;--awb-width-large:33.333333333333%;--awb-margin-top-large:0px;--awb-spacing-right-large:5.76%;--awb-margin-bottom-large:20px;--awb-spacing-left-large:5.76%;--awb-width-medium:33.333333333333%;--awb-order-medium:0;--awb-spacing-right-medium:5.76%;--awb-spacing-left-medium:5.76%;--awb-width-small:100%;--awb-order-small:0;--awb-spacing-right-small:1.92%;--awb-spacing-left-small:1.92%;\" data-scroll-devices=\"small-visibility,medium-visibility,large-visibility\"><span class=\"fusion-column-inner-bg hover-type-none\"><a class=\"fusion-column-anchor\" href=\"\/ca\/producte\/majestuoso\/\" rel=\"noopener noreferrer\" target=\"_blank\"><span class=\"fusion-column-inner-bg-image\"><\/span><\/a><\/span><div class=\"fusion-column-wrapper fusion-column-has-shadow fusion-flex-justify-content-flex-start fusion-content-layout-column\"><div class=\"fusion-image-element \" style=\"text-align:center;--awb-caption-title-font-family:var(--h2_typography-font-family);--awb-caption-title-font-weight:var(--h2_typography-font-weight);--awb-caption-title-font-style:var(--h2_typography-font-style);--awb-caption-title-size:var(--h2_typography-font-size);--awb-caption-title-transform:var(--h2_typography-text-transform);--awb-caption-title-line-height:var(--h2_typography-line-height);--awb-caption-title-letter-spacing:var(--h2_typography-letter-spacing);\"><span class=\" fusion-imageframe imageframe-none imageframe-1 hover-type-none\"><img decoding=\"async\" width=\"286\" height=\"675\" alt=\"MAJESTUOSO Brut Nature Gran Reserva de Guarda Superior\" title=\"majestuoso-i\" src=\"https:\/\/condedevalicourt.pruebasweb.com.es\/wp-content\/uploads\/majestuoso-i.webp\" class=\"img-responsive wp-image-709\" srcset=\"https:\/\/condedevalicourt.com\/wp-content\/uploads\/majestuoso-i-200x472.webp 200w, https:\/\/condedevalicourt.com\/wp-content\/uploads\/majestuoso-i.webp 286w\" sizes=\"(max-width: 640px) 100vw, 286px\" \/><\/span><\/div><div class=\"fusion-text fusion-text-2\" style=\"--awb-content-alignment:center;--awb-text-font-family:&quot;Open Sans&quot;;--awb-text-font-style:italic;--awb-text-font-weight:700;\"><p><em>MAJESTUOSO Brut Nature<br \/>\nGran Reserva de Guarda Superior<\/em><\/p>\n<\/div><\/div><\/div><div class=\"fusion-layout-column fusion_builder_column fusion-builder-column-2 fusion_builder_column_1_1 1_1 fusion-flex-column\" style=\"--awb-bg-size:cover;--awb-width-large:100%;--awb-margin-top-large:0px;--awb-spacing-right-large:1.92%;--awb-margin-bottom-large:20px;--awb-spacing-left-large:1.92%;--awb-width-medium:100%;--awb-order-medium:0;--awb-spacing-right-medium:1.92%;--awb-spacing-left-medium:1.92%;--awb-width-small:100%;--awb-order-small:0;--awb-spacing-right-small:1.92%;--awb-spacing-left-small:1.92%;\"><div class=\"fusion-column-wrapper fusion-column-has-shadow fusion-flex-justify-content-flex-start fusion-content-layout-column\"><div class=\"fusion-text fusion-text-3\" style=\"--awb-content-alignment:justify;\"><p>Per a l\u2019elaboraci\u00f3 dels nostres caves, nosaltres, grans enamorats del ra\u00efm Xarel\u00b7lo, aut\u00f2cton del Pened\u00e8s, en el <strong>MAJESTUOSO <\/strong>hem volgut mantenir la Parellada com el ra\u00efm predominant que juga harmoniosament amb el Xarel\u00b7lo i el Montoneg (una varietat del Macabeu). Aix\u00ed ho va voler el pare i aix\u00ed ho hem conservat. La Parellada li aporta al cava estructura, sedosidad, delicadesa, harmonia\u2026 I el seu ADN la fa especialment id\u00f2nia per a les llargues criances.<\/p>\n<p>Vols saber com \u00e9s? Daurat net i brillant, amb petits rosaris de bombolles que reflecteixen la completa integraci\u00f3 del carb\u00f2nic gr\u00e0cies a la seva llarga crian\u00e7a. En el nas, notar\u00e0s aromes cremoses, de pastisseria i, en la teva boca, trobar\u00e0s fruita blanca en el seu vessant m\u00e9s madur. En el seu conjunt \u00e9s ampli, crem\u00f3s, complex, sec i afruitat.<\/p>\n<p>\u00c9s tan consistent i agradable que es mant\u00e9 perfectament al llarg d\u2019un menjar. Us recomanem no servir-ho per sota de 6\u00b0-8\u00b0. M\u00e9s fred, no apreciar\u00edeu les aromes i frenaria el despreniment de les bombolles. Quanta m\u00e9s qualitat i crian\u00e7a t\u00e9 el cava, a major temperatura pot servir-se, rondant fins i tot els 10\u00b0-12\u00b0.<\/p>\n<p>Ho gaudireu amb aperitius, marisc i peix (blanc i blau), carns (principalment, blanques), foie, formatges, xocolata negre\u2026 I, sobretot en les sobretaules, amb bona companyia\u2026<\/p>\n<p>Cap\u00edtol a part mereixeria la seva vinculaci\u00f3 amb una altra de les nostres marques m\u00e9s antigues: PERMONT\u2019S Brut Nature de Guarda\u2026 tal vegada, m\u00e9s endavant, us ho explicarem\u2026<\/p>\n<\/div><\/div><\/div><\/div><\/div>\n","protected":false},"excerpt":{"rendered":"","protected":false},"author":1,"featured_media":710,"comment_status":"closed","ping_status":"closed","sticky":false,"template":"","format":"standard","meta":{"footnotes":""},"categories":[1],"tags":[],"class_list":["post-711","post","type-post","status-publish","format-standard","has-post-thumbnail","hentry","category-noticies"],"yoast_head":"<!-- This site is optimized with the Yoast SEO plugin v27.4 - https:\/\/yoast.com\/product\/yoast-seo-wordpress\/ -->\n<title>MAJESTUOSO Brut Nature Gran Reserva de Guarda Superior \u00b7 Conde de Valicourt (D.O. Cava)<\/title>\n<meta name=\"description\" content=\"Brut Nature Gran Reserva (m\u00ednim 4 anys crian\u00e7a) de Parellada, Xarel\u00b7lo i Montoneg sense sucre afegit: ampli, crem\u00f3s, sec i afruitat.\" \/>\n<meta name=\"robots\" content=\"index, follow, max-snippet:-1, max-image-preview:large, max-video-preview:-1\" \/>\n<link rel=\"canonical\" href=\"https:\/\/condedevalicourt.com\/ca\/majestuoso-brut-nature-gran-reserva-guarda-superior\/\" \/>\n<meta property=\"og:locale\" content=\"ca_ES\" \/>\n<meta property=\"og:type\" content=\"article\" \/>\n<meta property=\"og:title\" content=\"MAJESTUOSO Brut Nature Gran Reserva de Guarda Superior \u00b7 Conde de Valicourt (D.O. Cava)\" \/>\n<meta property=\"og:description\" content=\"Brut Nature Gran Reserva (m\u00ednim 4 anys crian\u00e7a) de Parellada, Xarel\u00b7lo i Montoneg sense sucre afegit: ampli, crem\u00f3s, sec i afruitat.\" \/>\n<meta property=\"og:url\" content=\"https:\/\/condedevalicourt.com\/ca\/majestuoso-brut-nature-gran-reserva-guarda-superior\/\" \/>\n<meta property=\"og:site_name\" content=\"Conde de Valicourt - Cavas artesanos - Pened\u00e9s (Sant Sadurn\u00ed de Noia)\" \/>\n<meta property=\"article:published_time\" content=\"2025-10-23T14:22:18+00:00\" \/>\n<meta property=\"article:modified_time\" content=\"2025-11-05T08:10:46+00:00\" \/>\n<meta property=\"og:image\" content=\"https:\/\/condedevalicourt.com\/wp-content\/uploads\/majestuoso-d.webp\" \/>\n\t<meta property=\"og:image:width\" content=\"675\" \/>\n\t<meta property=\"og:image:height\" content=\"675\" \/>\n\t<meta property=\"og:image:type\" content=\"image\/webp\" \/>\n<meta name=\"author\" content=\"CdValicourt\" \/>\n<meta name=\"twitter:card\" content=\"summary_large_image\" \/>\n<meta name=\"twitter:label1\" content=\"Escrit per\" \/>\n\t<meta name=\"twitter:data1\" content=\"CdValicourt\" \/>\n\t<meta name=\"twitter:label2\" content=\"Temps estimat de lectura\" \/>\n\t<meta name=\"twitter:data2\" content=\"3 minuts\" \/>\n<script type=\"application\/ld+json\" class=\"yoast-schema-graph\">{\"@context\":\"https:\\\/\\\/schema.org\",\"@graph\":[{\"@type\":\"Article\",\"@id\":\"https:\\\/\\\/condedevalicourt.com\\\/ca\\\/majestuoso-brut-nature-gran-reserva-guarda-superior\\\/#article\",\"isPartOf\":{\"@id\":\"https:\\\/\\\/condedevalicourt.com\\\/ca\\\/majestuoso-brut-nature-gran-reserva-guarda-superior\\\/\"},\"author\":{\"name\":\"CdValicourt\",\"@id\":\"https:\\\/\\\/condedevalicourt.com\\\/ca\\\/#\\\/schema\\\/person\\\/49c60fab6c115846b467eb1d7cfa9177\"},\"headline\":\"MAJESTUOSO Brut Nature Gran Reserva de Guarda Superior\",\"datePublished\":\"2025-10-23T14:22:18+00:00\",\"dateModified\":\"2025-11-05T08:10:46+00:00\",\"mainEntityOfPage\":{\"@id\":\"https:\\\/\\\/condedevalicourt.com\\\/ca\\\/majestuoso-brut-nature-gran-reserva-guarda-superior\\\/\"},\"wordCount\":2299,\"image\":{\"@id\":\"https:\\\/\\\/condedevalicourt.com\\\/ca\\\/majestuoso-brut-nature-gran-reserva-guarda-superior\\\/#primaryimage\"},\"thumbnailUrl\":\"https:\\\/\\\/condedevalicourt.com\\\/wp-content\\\/uploads\\\/majestuoso-d.webp\",\"articleSection\":[\"Noticies\"],\"inLanguage\":\"ca\"},{\"@type\":\"WebPage\",\"@id\":\"https:\\\/\\\/condedevalicourt.com\\\/ca\\\/majestuoso-brut-nature-gran-reserva-guarda-superior\\\/\",\"url\":\"https:\\\/\\\/condedevalicourt.com\\\/ca\\\/majestuoso-brut-nature-gran-reserva-guarda-superior\\\/\",\"name\":\"MAJESTUOSO Brut Nature Gran Reserva de Guarda Superior \u00b7 Conde de Valicourt (D.O. Cava)\",\"isPartOf\":{\"@id\":\"https:\\\/\\\/condedevalicourt.com\\\/ca\\\/#website\"},\"primaryImageOfPage\":{\"@id\":\"https:\\\/\\\/condedevalicourt.com\\\/ca\\\/majestuoso-brut-nature-gran-reserva-guarda-superior\\\/#primaryimage\"},\"image\":{\"@id\":\"https:\\\/\\\/condedevalicourt.com\\\/ca\\\/majestuoso-brut-nature-gran-reserva-guarda-superior\\\/#primaryimage\"},\"thumbnailUrl\":\"https:\\\/\\\/condedevalicourt.com\\\/wp-content\\\/uploads\\\/majestuoso-d.webp\",\"datePublished\":\"2025-10-23T14:22:18+00:00\",\"dateModified\":\"2025-11-05T08:10:46+00:00\",\"author\":{\"@id\":\"https:\\\/\\\/condedevalicourt.com\\\/ca\\\/#\\\/schema\\\/person\\\/49c60fab6c115846b467eb1d7cfa9177\"},\"description\":\"Brut Nature Gran Reserva (m\u00ednim 4 anys crian\u00e7a) de Parellada, Xarel\u00b7lo i Montoneg sense sucre afegit: ampli, crem\u00f3s, sec i afruitat.\",\"breadcrumb\":{\"@id\":\"https:\\\/\\\/condedevalicourt.com\\\/ca\\\/majestuoso-brut-nature-gran-reserva-guarda-superior\\\/#breadcrumb\"},\"inLanguage\":\"ca\",\"potentialAction\":[{\"@type\":\"ReadAction\",\"target\":[\"https:\\\/\\\/condedevalicourt.com\\\/ca\\\/majestuoso-brut-nature-gran-reserva-guarda-superior\\\/\"]}]},{\"@type\":\"ImageObject\",\"inLanguage\":\"ca\",\"@id\":\"https:\\\/\\\/condedevalicourt.com\\\/ca\\\/majestuoso-brut-nature-gran-reserva-guarda-superior\\\/#primaryimage\",\"url\":\"https:\\\/\\\/condedevalicourt.com\\\/wp-content\\\/uploads\\\/majestuoso-d.webp\",\"contentUrl\":\"https:\\\/\\\/condedevalicourt.com\\\/wp-content\\\/uploads\\\/majestuoso-d.webp\",\"width\":675,\"height\":675,\"caption\":\"MAJESTUOSO Brut Nature Gran Reserva de Guarda Superior\"},{\"@type\":\"BreadcrumbList\",\"@id\":\"https:\\\/\\\/condedevalicourt.com\\\/ca\\\/majestuoso-brut-nature-gran-reserva-guarda-superior\\\/#breadcrumb\",\"itemListElement\":[{\"@type\":\"ListItem\",\"position\":1,\"name\":\"Portada\",\"item\":\"https:\\\/\\\/condedevalicourt.com\\\/ca\\\/\"},{\"@type\":\"ListItem\",\"position\":2,\"name\":\"MAJESTUOSO Brut Nature Gran Reserva de Guarda Superior\"}]},{\"@type\":\"WebSite\",\"@id\":\"https:\\\/\\\/condedevalicourt.com\\\/ca\\\/#website\",\"url\":\"https:\\\/\\\/condedevalicourt.com\\\/ca\\\/\",\"name\":\"Conde de Valicourt - Cavas artesanos - Pened\u00e9s (Sant Sadurn\u00ed de Noia)\",\"description\":\"\",\"potentialAction\":[{\"@type\":\"SearchAction\",\"target\":{\"@type\":\"EntryPoint\",\"urlTemplate\":\"https:\\\/\\\/condedevalicourt.com\\\/ca\\\/?s={search_term_string}\"},\"query-input\":{\"@type\":\"PropertyValueSpecification\",\"valueRequired\":true,\"valueName\":\"search_term_string\"}}],\"inLanguage\":\"ca\"},{\"@type\":\"Person\",\"@id\":\"https:\\\/\\\/condedevalicourt.com\\\/ca\\\/#\\\/schema\\\/person\\\/49c60fab6c115846b467eb1d7cfa9177\",\"name\":\"CdValicourt\",\"sameAs\":[\"https:\\\/\\\/condedevalicourt.pruebasweb.com.es\"],\"url\":\"https:\\\/\\\/condedevalicourt.com\\\/ca\\\/author\\\/CdValicourt\\\/\"}]}<\/script>\n<!-- \/ Yoast SEO plugin. -->","yoast_head_json":{"title":"MAJESTUOSO Brut Nature Gran Reserva de Guarda Superior \u00b7 Conde de Valicourt (D.O. Cava)","description":"Brut Nature Gran Reserva (m\u00ednim 4 anys crian\u00e7a) de Parellada, Xarel\u00b7lo i Montoneg sense sucre afegit: ampli, crem\u00f3s, sec i afruitat.","robots":{"index":"index","follow":"follow","max-snippet":"max-snippet:-1","max-image-preview":"max-image-preview:large","max-video-preview":"max-video-preview:-1"},"canonical":"https:\/\/condedevalicourt.com\/ca\/majestuoso-brut-nature-gran-reserva-guarda-superior\/","og_locale":"ca_ES","og_type":"article","og_title":"MAJESTUOSO Brut Nature Gran Reserva de Guarda Superior \u00b7 Conde de Valicourt (D.O. Cava)","og_description":"Brut Nature Gran Reserva (m\u00ednim 4 anys crian\u00e7a) de Parellada, Xarel\u00b7lo i Montoneg sense sucre afegit: ampli, crem\u00f3s, sec i afruitat.","og_url":"https:\/\/condedevalicourt.com\/ca\/majestuoso-brut-nature-gran-reserva-guarda-superior\/","og_site_name":"Conde de Valicourt - Cavas artesanos - Pened\u00e9s (Sant Sadurn\u00ed de Noia)","article_published_time":"2025-10-23T14:22:18+00:00","article_modified_time":"2025-11-05T08:10:46+00:00","og_image":[{"width":675,"height":675,"url":"https:\/\/condedevalicourt.com\/wp-content\/uploads\/majestuoso-d.webp","type":"image\/webp"}],"author":"CdValicourt","twitter_card":"summary_large_image","twitter_misc":{"Escrit per":"CdValicourt","Temps estimat de lectura":"3 minuts"},"schema":{"@context":"https:\/\/schema.org","@graph":[{"@type":"Article","@id":"https:\/\/condedevalicourt.com\/ca\/majestuoso-brut-nature-gran-reserva-guarda-superior\/#article","isPartOf":{"@id":"https:\/\/condedevalicourt.com\/ca\/majestuoso-brut-nature-gran-reserva-guarda-superior\/"},"author":{"name":"CdValicourt","@id":"https:\/\/condedevalicourt.com\/ca\/#\/schema\/person\/49c60fab6c115846b467eb1d7cfa9177"},"headline":"MAJESTUOSO Brut Nature Gran Reserva de Guarda Superior","datePublished":"2025-10-23T14:22:18+00:00","dateModified":"2025-11-05T08:10:46+00:00","mainEntityOfPage":{"@id":"https:\/\/condedevalicourt.com\/ca\/majestuoso-brut-nature-gran-reserva-guarda-superior\/"},"wordCount":2299,"image":{"@id":"https:\/\/condedevalicourt.com\/ca\/majestuoso-brut-nature-gran-reserva-guarda-superior\/#primaryimage"},"thumbnailUrl":"https:\/\/condedevalicourt.com\/wp-content\/uploads\/majestuoso-d.webp","articleSection":["Noticies"],"inLanguage":"ca"},{"@type":"WebPage","@id":"https:\/\/condedevalicourt.com\/ca\/majestuoso-brut-nature-gran-reserva-guarda-superior\/","url":"https:\/\/condedevalicourt.com\/ca\/majestuoso-brut-nature-gran-reserva-guarda-superior\/","name":"MAJESTUOSO Brut Nature Gran Reserva de Guarda Superior \u00b7 Conde de Valicourt (D.O. Cava)","isPartOf":{"@id":"https:\/\/condedevalicourt.com\/ca\/#website"},"primaryImageOfPage":{"@id":"https:\/\/condedevalicourt.com\/ca\/majestuoso-brut-nature-gran-reserva-guarda-superior\/#primaryimage"},"image":{"@id":"https:\/\/condedevalicourt.com\/ca\/majestuoso-brut-nature-gran-reserva-guarda-superior\/#primaryimage"},"thumbnailUrl":"https:\/\/condedevalicourt.com\/wp-content\/uploads\/majestuoso-d.webp","datePublished":"2025-10-23T14:22:18+00:00","dateModified":"2025-11-05T08:10:46+00:00","author":{"@id":"https:\/\/condedevalicourt.com\/ca\/#\/schema\/person\/49c60fab6c115846b467eb1d7cfa9177"},"description":"Brut Nature Gran Reserva (m\u00ednim 4 anys crian\u00e7a) de Parellada, Xarel\u00b7lo i Montoneg sense sucre afegit: ampli, crem\u00f3s, sec i afruitat.","breadcrumb":{"@id":"https:\/\/condedevalicourt.com\/ca\/majestuoso-brut-nature-gran-reserva-guarda-superior\/#breadcrumb"},"inLanguage":"ca","potentialAction":[{"@type":"ReadAction","target":["https:\/\/condedevalicourt.com\/ca\/majestuoso-brut-nature-gran-reserva-guarda-superior\/"]}]},{"@type":"ImageObject","inLanguage":"ca","@id":"https:\/\/condedevalicourt.com\/ca\/majestuoso-brut-nature-gran-reserva-guarda-superior\/#primaryimage","url":"https:\/\/condedevalicourt.com\/wp-content\/uploads\/majestuoso-d.webp","contentUrl":"https:\/\/condedevalicourt.com\/wp-content\/uploads\/majestuoso-d.webp","width":675,"height":675,"caption":"MAJESTUOSO Brut Nature Gran Reserva de Guarda Superior"},{"@type":"BreadcrumbList","@id":"https:\/\/condedevalicourt.com\/ca\/majestuoso-brut-nature-gran-reserva-guarda-superior\/#breadcrumb","itemListElement":[{"@type":"ListItem","position":1,"name":"Portada","item":"https:\/\/condedevalicourt.com\/ca\/"},{"@type":"ListItem","position":2,"name":"MAJESTUOSO Brut Nature Gran Reserva de Guarda Superior"}]},{"@type":"WebSite","@id":"https:\/\/condedevalicourt.com\/ca\/#website","url":"https:\/\/condedevalicourt.com\/ca\/","name":"Conde de Valicourt - Cavas artesanos - Pened\u00e9s (Sant Sadurn\u00ed de Noia)","description":"","potentialAction":[{"@type":"SearchAction","target":{"@type":"EntryPoint","urlTemplate":"https:\/\/condedevalicourt.com\/ca\/?s={search_term_string}"},"query-input":{"@type":"PropertyValueSpecification","valueRequired":true,"valueName":"search_term_string"}}],"inLanguage":"ca"},{"@type":"Person","@id":"https:\/\/condedevalicourt.com\/ca\/#\/schema\/person\/49c60fab6c115846b467eb1d7cfa9177","name":"CdValicourt","sameAs":["https:\/\/condedevalicourt.pruebasweb.com.es"],"url":"https:\/\/condedevalicourt.com\/ca\/author\/CdValicourt\/"}]}},"_links":{"self":[{"href":"https:\/\/condedevalicourt.com\/ca\/wp-json\/wp\/v2\/posts\/711","targetHints":{"allow":["GET"]}}],"collection":[{"href":"https:\/\/condedevalicourt.com\/ca\/wp-json\/wp\/v2\/posts"}],"about":[{"href":"https:\/\/condedevalicourt.com\/ca\/wp-json\/wp\/v2\/types\/post"}],"author":[{"embeddable":true,"href":"https:\/\/condedevalicourt.com\/ca\/wp-json\/wp\/v2\/users\/1"}],"replies":[{"embeddable":true,"href":"https:\/\/condedevalicourt.com\/ca\/wp-json\/wp\/v2\/comments?post=711"}],"version-history":[{"count":0,"href":"https:\/\/condedevalicourt.com\/ca\/wp-json\/wp\/v2\/posts\/711\/revisions"}],"wp:featuredmedia":[{"embeddable":true,"href":"https:\/\/condedevalicourt.com\/ca\/wp-json\/wp\/v2\/media\/710"}],"wp:attachment":[{"href":"https:\/\/condedevalicourt.com\/ca\/wp-json\/wp\/v2\/media?parent=711"}],"wp:term":[{"taxonomy":"category","embeddable":true,"href":"https:\/\/condedevalicourt.com\/ca\/wp-json\/wp\/v2\/categories?post=711"},{"taxonomy":"post_tag","embeddable":true,"href":"https:\/\/condedevalicourt.com\/ca\/wp-json\/wp\/v2\/tags?post=711"}],"curies":[{"name":"wp","href":"https:\/\/api.w.org\/{rel}","templated":true}]}}