{"id":716,"date":"2025-10-23T16:22:03","date_gmt":"2025-10-23T14:22:03","guid":{"rendered":"https:\/\/condedevalicourt.pruebasweb.com.es\/?p=716"},"modified":"2025-11-05T09:11:12","modified_gmt":"2025-11-05T08:11:12","slug":"permonts-brut-nature-jove-de-guarda","status":"publish","type":"post","link":"https:\/\/condedevalicourt.com\/ca\/permonts-brut-nature-jove-de-guarda\/","title":{"rendered":"PERMONT\u2019S Brut Nature Jove de Guarda"},"content":{"rendered":"<div class=\"fusion-fullwidth fullwidth-box fusion-builder-row-1 fusion-flex-container has-pattern-background has-mask-background nonhundred-percent-fullwidth non-hundred-percent-height-scrolling\" style=\"--awb-border-radius-top-left:0px;--awb-border-radius-top-right:0px;--awb-border-radius-bottom-right:0px;--awb-border-radius-bottom-left:0px;--awb-padding-right:0px;--awb-padding-left:0px;--awb-flex-wrap:wrap;\" ><div class=\"fusion-builder-row fusion-row fusion-flex-align-items-flex-start fusion-flex-content-wrap\" style=\"max-width:1248px;margin-left: calc(-4% \/ 2 );margin-right: calc(-4% \/ 2 );\"><div class=\"fusion-layout-column fusion_builder_column fusion-builder-column-0 fusion_builder_column_2_3 2_3 fusion-flex-column\" style=\"--awb-bg-size:cover;--awb-width-large:66.666666666667%;--awb-margin-top-large:0px;--awb-spacing-right-large:2.88%;--awb-margin-bottom-large:20px;--awb-spacing-left-large:2.88%;--awb-width-medium:66.666666666667%;--awb-order-medium:0;--awb-spacing-right-medium:2.88%;--awb-spacing-left-medium:2.88%;--awb-width-small:100%;--awb-order-small:0;--awb-spacing-right-small:1.92%;--awb-spacing-left-small:1.92%;\"><div class=\"fusion-column-wrapper fusion-column-has-shadow fusion-flex-justify-content-flex-start fusion-content-layout-column\"><div class=\"fusion-text fusion-text-1\" style=\"--awb-content-alignment:justify;\"><p>Registrada en 1940, PERMONT\u2019S \u00e9s la nostra segona marca per a elaborar cava artes\u00e0 de qualitat. El nom es compon de l\u2019abreviatura de Pere (PER) i de Montserrat (MONT) i de l\u2019ap\u00f2strofe possessiu anglosax\u00f3 (\u2018S): de PERE MONTSERRAT, el nom i cognom de les 3 generacions d\u2019elaboradors de cava -l\u2019avi, el pare i, tamb\u00e9, el fill i actual propietari de les caves-.<\/p>\n<p>Encara que som especialistes en llargues criances, sempre hem defensat que un cava jove no t\u00e9 ni per qu\u00e8 ser de baixa qualitat ni per qu\u00e8 tenir defectes i aquesta filosofia \u00e9s la que hem plasmat en el PERMONT\u2019S Brut Nature Jove de Guarda. La normativa del Consell Regulador del Cava indica que un cava es considera jove de guarda quan t\u00e9 una crian\u00e7a d\u2019entre 9 i 18 mesos. Els 9 primers mesos les ampolles romanen en les nostres mines subterr\u00e0nies sense que ning\u00fa ni res les pertorbi, s\u00f3n intocables: estan fent la segona fermentaci\u00f3 i est\u00e0 prohibit treure-les a la venda.<\/p>\n<\/div><\/div><\/div><div class=\"fusion-layout-column fusion_builder_column fusion-builder-column-1 fusion_builder_column_1_3 1_3 fusion-flex-column fusion-column-inner-bg-wrapper\" style=\"--awb-inner-bg-size:cover;--awb-width-large:33.333333333333%;--awb-margin-top-large:0px;--awb-spacing-right-large:5.76%;--awb-margin-bottom-large:20px;--awb-spacing-left-large:5.76%;--awb-width-medium:33.333333333333%;--awb-order-medium:0;--awb-spacing-right-medium:5.76%;--awb-spacing-left-medium:5.76%;--awb-width-small:100%;--awb-order-small:0;--awb-spacing-right-small:1.92%;--awb-spacing-left-small:1.92%;\" data-scroll-devices=\"small-visibility,medium-visibility,large-visibility\"><span class=\"fusion-column-inner-bg hover-type-none\"><a class=\"fusion-column-anchor\" href=\"\/ca\/producte\/permonts\/\" rel=\"noopener noreferrer\" target=\"_blank\"><span class=\"fusion-column-inner-bg-image\"><\/span><\/a><\/span><div class=\"fusion-column-wrapper fusion-column-has-shadow fusion-flex-justify-content-flex-start fusion-content-layout-column\"><div class=\"fusion-image-element \" style=\"--awb-caption-title-font-family:var(--h2_typography-font-family);--awb-caption-title-font-weight:var(--h2_typography-font-weight);--awb-caption-title-font-style:var(--h2_typography-font-style);--awb-caption-title-size:var(--h2_typography-font-size);--awb-caption-title-transform:var(--h2_typography-text-transform);--awb-caption-title-line-height:var(--h2_typography-line-height);--awb-caption-title-letter-spacing:var(--h2_typography-letter-spacing);\"><span class=\" fusion-imageframe imageframe-none imageframe-1 hover-type-none\"><img decoding=\"async\" width=\"286\" height=\"675\" alt=\"PERMONT\u2019S Brut Nature Joven de Guarda\" title=\"permont-i\" src=\"https:\/\/condedevalicourt.pruebasweb.com.es\/wp-content\/uploads\/permont-i.webp\" class=\"img-responsive wp-image-714\" srcset=\"https:\/\/condedevalicourt.com\/wp-content\/uploads\/permont-i-200x472.webp 200w, https:\/\/condedevalicourt.com\/wp-content\/uploads\/permont-i.webp 286w\" sizes=\"(max-width: 640px) 100vw, 286px\" \/><\/span><\/div><div class=\"fusion-text fusion-text-2\" style=\"--awb-content-alignment:center;--awb-text-font-family:&quot;Open Sans&quot;;--awb-text-font-style:italic;--awb-text-font-weight:700;\"><p><em>PERMONT\u2019S Brut Nature Joven de Guarda<\/em><\/p>\n<\/div><\/div><\/div><div class=\"fusion-layout-column fusion_builder_column fusion-builder-column-2 fusion_builder_column_1_1 1_1 fusion-flex-column\" style=\"--awb-bg-size:cover;--awb-width-large:100%;--awb-margin-top-large:0px;--awb-spacing-right-large:1.92%;--awb-margin-bottom-large:20px;--awb-spacing-left-large:1.92%;--awb-width-medium:100%;--awb-order-medium:0;--awb-spacing-right-medium:1.92%;--awb-spacing-left-medium:1.92%;--awb-width-small:100%;--awb-order-small:0;--awb-spacing-right-small:1.92%;--awb-spacing-left-small:1.92%;\"><div class=\"fusion-column-wrapper fusion-column-has-shadow fusion-flex-justify-content-flex-start fusion-content-layout-column\"><div class=\"fusion-text fusion-text-3\" style=\"--awb-content-alignment:justify;\"><p>Un dels principals trets dels caves joves \u00e9s la seva marcada i, a vegades, molesta acidesa. L\u2019acidesa forma part de l\u2019ADN del cava i, quanta menys crian\u00e7a t\u00e9, m\u00e9s present est\u00e0. Per aquest motiu, nosaltres prolonguem la crian\u00e7a del PERMONT\u2019S a un m\u00ednim de 12 mesos i, conforme va transcorrent el temps de crian\u00e7a, arribar\u00e0 un moment que superi els 18 mesos i, llavors, es convertir\u00e0 en un Reserva de Guarda Superior. El moment de major maduresa del PERMONT\u2019S.<\/p>\n<p>Per a evitar regusts, utilitzem en el nostre cava jove vins base de primera premsada (la flor del ra\u00efm), el m\u00e9s pur, i no afegim licor d\u2019expedici\u00f3 (sucre) despr\u00e9s del degollament. Som defensors a ultran\u00e7a dels brut nature purs, sense sucre. \u00c9s un privilegi que les vinyes se situ\u00efn en el prelitoral mediterrani, amb 300 dies de sol a l\u2019any que ens d\u00f3na fruits carregats de sucre, \u00f2ptims per a l\u2019elaboraci\u00f3 de brut nature, com el seu nom indica, natural.<\/p>\n<p>El fet que el <strong>PERMONT\u2019S Brut Nature Jove de Guarda<\/strong> sigui el cava que menys temps passa fent crian\u00e7a en les nostres caves ens permet que sigui un cava amb una relaci\u00f3 \u00f2ptima qualitat-preu. \u00c9s el rei de l\u2019hostaleria i el preferit dels nostres clients que consumeixen cava di\u00e0riament.<\/p>\n<p>I no ens oblidem del seu germ\u00e0 gran: el magnum <strong>GRAN PERMONT\u2019S Brut Nature Jove de Guarda<\/strong>. Amb els seus 1,5 litres, \u00e9s el escollit per a obsequis d\u2019empresa, reunions familiars i trobades d\u2019amics.<\/p>\n<p>Vols saber com \u00e9s? 100% natural, fresc, sec, jove i equilibrat. En nas, aromes prim\u00e0ries que ens porten a la vinya, al ra\u00efm i, en boca, trobareu c\u00edtrics, poma verda i mel\u00f3. Acompanya-ho, en el esmorzar, amb torrades i embotits; a mig mat\u00ed, amb aperitius; al migdia, amb amanides, arrossos, peix i marisc; a mitja tarda, simplement amb fruits secs i, a la nit, amb un sopar lleuger\u2026 I, si prolongues la sobretaula nocturna, combina-ho amb xocolata. \u00c9s el Cava vostre de cada dia\u2026<\/p>\n<\/div><\/div><\/div><\/div><\/div>\n","protected":false},"excerpt":{"rendered":"","protected":false},"author":1,"featured_media":715,"comment_status":"closed","ping_status":"closed","sticky":false,"template":"","format":"standard","meta":{"footnotes":""},"categories":[1],"tags":[],"class_list":["post-716","post","type-post","status-publish","format-standard","has-post-thumbnail","hentry","category-noticies"],"yoast_head":"<!-- This site is optimized with the Yoast SEO plugin v27.4 - https:\/\/yoast.com\/product\/yoast-seo-wordpress\/ -->\n<title>PERMONT\u2019S Brut Nature Jove de Guarda \u00b7 Conde de Valicourt (D.O. Cava)<\/title>\n<meta name=\"description\" content=\"Cava Brut Nature jove de guarda (m\u00ednim 12 mesos) de fruita verda, c\u00edtrics i sec, elaborat amb prensada flor i sense sucre afegit.\" \/>\n<meta name=\"robots\" content=\"index, follow, max-snippet:-1, max-image-preview:large, max-video-preview:-1\" \/>\n<link rel=\"canonical\" href=\"https:\/\/condedevalicourt.com\/ca\/permonts-brut-nature-jove-de-guarda\/\" \/>\n<meta property=\"og:locale\" content=\"ca_ES\" \/>\n<meta property=\"og:type\" content=\"article\" \/>\n<meta property=\"og:title\" content=\"PERMONT\u2019S Brut Nature Jove de Guarda \u00b7 Conde de Valicourt (D.O. Cava)\" \/>\n<meta property=\"og:description\" content=\"Cava Brut Nature jove de guarda (m\u00ednim 12 mesos) de fruita verda, c\u00edtrics i sec, elaborat amb prensada flor i sense sucre afegit.\" \/>\n<meta property=\"og:url\" content=\"https:\/\/condedevalicourt.com\/ca\/permonts-brut-nature-jove-de-guarda\/\" \/>\n<meta property=\"og:site_name\" content=\"Conde de Valicourt - Cavas artesanos - Pened\u00e9s (Sant Sadurn\u00ed de Noia)\" \/>\n<meta property=\"article:published_time\" content=\"2025-10-23T14:22:03+00:00\" \/>\n<meta property=\"article:modified_time\" content=\"2025-11-05T08:11:12+00:00\" \/>\n<meta property=\"og:image\" content=\"https:\/\/condedevalicourt.com\/wp-content\/uploads\/permont-d.webp\" \/>\n\t<meta property=\"og:image:width\" content=\"675\" \/>\n\t<meta property=\"og:image:height\" content=\"675\" \/>\n\t<meta property=\"og:image:type\" content=\"image\/webp\" \/>\n<meta name=\"author\" content=\"CdValicourt\" \/>\n<meta name=\"twitter:card\" content=\"summary_large_image\" \/>\n<meta name=\"twitter:label1\" content=\"Escrit per\" \/>\n\t<meta name=\"twitter:data1\" content=\"CdValicourt\" \/>\n\t<meta name=\"twitter:label2\" content=\"Temps estimat de lectura\" \/>\n\t<meta name=\"twitter:data2\" content=\"3 minuts\" \/>\n<script type=\"application\/ld+json\" class=\"yoast-schema-graph\">{\"@context\":\"https:\\\/\\\/schema.org\",\"@graph\":[{\"@type\":\"Article\",\"@id\":\"https:\\\/\\\/condedevalicourt.com\\\/ca\\\/permonts-brut-nature-jove-de-guarda\\\/#article\",\"isPartOf\":{\"@id\":\"https:\\\/\\\/condedevalicourt.com\\\/ca\\\/permonts-brut-nature-jove-de-guarda\\\/\"},\"author\":{\"name\":\"CdValicourt\",\"@id\":\"https:\\\/\\\/condedevalicourt.com\\\/ca\\\/#\\\/schema\\\/person\\\/49c60fab6c115846b467eb1d7cfa9177\"},\"headline\":\"PERMONT\u2019S Brut Nature Jove de Guarda\",\"datePublished\":\"2025-10-23T14:22:03+00:00\",\"dateModified\":\"2025-11-05T08:11:12+00:00\",\"mainEntityOfPage\":{\"@id\":\"https:\\\/\\\/condedevalicourt.com\\\/ca\\\/permonts-brut-nature-jove-de-guarda\\\/\"},\"wordCount\":3168,\"image\":{\"@id\":\"https:\\\/\\\/condedevalicourt.com\\\/ca\\\/permonts-brut-nature-jove-de-guarda\\\/#primaryimage\"},\"thumbnailUrl\":\"https:\\\/\\\/condedevalicourt.com\\\/wp-content\\\/uploads\\\/permont-d.webp\",\"articleSection\":[\"Noticies\"],\"inLanguage\":\"ca\"},{\"@type\":\"WebPage\",\"@id\":\"https:\\\/\\\/condedevalicourt.com\\\/ca\\\/permonts-brut-nature-jove-de-guarda\\\/\",\"url\":\"https:\\\/\\\/condedevalicourt.com\\\/ca\\\/permonts-brut-nature-jove-de-guarda\\\/\",\"name\":\"PERMONT\u2019S Brut Nature Jove de Guarda \u00b7 Conde de Valicourt (D.O. Cava)\",\"isPartOf\":{\"@id\":\"https:\\\/\\\/condedevalicourt.com\\\/ca\\\/#website\"},\"primaryImageOfPage\":{\"@id\":\"https:\\\/\\\/condedevalicourt.com\\\/ca\\\/permonts-brut-nature-jove-de-guarda\\\/#primaryimage\"},\"image\":{\"@id\":\"https:\\\/\\\/condedevalicourt.com\\\/ca\\\/permonts-brut-nature-jove-de-guarda\\\/#primaryimage\"},\"thumbnailUrl\":\"https:\\\/\\\/condedevalicourt.com\\\/wp-content\\\/uploads\\\/permont-d.webp\",\"datePublished\":\"2025-10-23T14:22:03+00:00\",\"dateModified\":\"2025-11-05T08:11:12+00:00\",\"author\":{\"@id\":\"https:\\\/\\\/condedevalicourt.com\\\/ca\\\/#\\\/schema\\\/person\\\/49c60fab6c115846b467eb1d7cfa9177\"},\"description\":\"Cava Brut Nature jove de guarda (m\u00ednim 12 mesos) de fruita verda, c\u00edtrics i sec, elaborat amb prensada flor i sense sucre afegit.\",\"breadcrumb\":{\"@id\":\"https:\\\/\\\/condedevalicourt.com\\\/ca\\\/permonts-brut-nature-jove-de-guarda\\\/#breadcrumb\"},\"inLanguage\":\"ca\",\"potentialAction\":[{\"@type\":\"ReadAction\",\"target\":[\"https:\\\/\\\/condedevalicourt.com\\\/ca\\\/permonts-brut-nature-jove-de-guarda\\\/\"]}]},{\"@type\":\"ImageObject\",\"inLanguage\":\"ca\",\"@id\":\"https:\\\/\\\/condedevalicourt.com\\\/ca\\\/permonts-brut-nature-jove-de-guarda\\\/#primaryimage\",\"url\":\"https:\\\/\\\/condedevalicourt.com\\\/wp-content\\\/uploads\\\/permont-d.webp\",\"contentUrl\":\"https:\\\/\\\/condedevalicourt.com\\\/wp-content\\\/uploads\\\/permont-d.webp\",\"width\":675,\"height\":675,\"caption\":\"PERMONT\u2019S Brut Nature Joven de Guarda\"},{\"@type\":\"BreadcrumbList\",\"@id\":\"https:\\\/\\\/condedevalicourt.com\\\/ca\\\/permonts-brut-nature-jove-de-guarda\\\/#breadcrumb\",\"itemListElement\":[{\"@type\":\"ListItem\",\"position\":1,\"name\":\"Portada\",\"item\":\"https:\\\/\\\/condedevalicourt.com\\\/ca\\\/\"},{\"@type\":\"ListItem\",\"position\":2,\"name\":\"PERMONT\u2019S Brut Nature Jove de Guarda\"}]},{\"@type\":\"WebSite\",\"@id\":\"https:\\\/\\\/condedevalicourt.com\\\/ca\\\/#website\",\"url\":\"https:\\\/\\\/condedevalicourt.com\\\/ca\\\/\",\"name\":\"Conde de Valicourt - Cavas artesanos - Pened\u00e9s (Sant Sadurn\u00ed de Noia)\",\"description\":\"\",\"potentialAction\":[{\"@type\":\"SearchAction\",\"target\":{\"@type\":\"EntryPoint\",\"urlTemplate\":\"https:\\\/\\\/condedevalicourt.com\\\/ca\\\/?s={search_term_string}\"},\"query-input\":{\"@type\":\"PropertyValueSpecification\",\"valueRequired\":true,\"valueName\":\"search_term_string\"}}],\"inLanguage\":\"ca\"},{\"@type\":\"Person\",\"@id\":\"https:\\\/\\\/condedevalicourt.com\\\/ca\\\/#\\\/schema\\\/person\\\/49c60fab6c115846b467eb1d7cfa9177\",\"name\":\"CdValicourt\",\"sameAs\":[\"https:\\\/\\\/condedevalicourt.pruebasweb.com.es\"],\"url\":\"https:\\\/\\\/condedevalicourt.com\\\/ca\\\/author\\\/CdValicourt\\\/\"}]}<\/script>\n<!-- \/ Yoast SEO plugin. -->","yoast_head_json":{"title":"PERMONT\u2019S Brut Nature Jove de Guarda \u00b7 Conde de Valicourt (D.O. Cava)","description":"Cava Brut Nature jove de guarda (m\u00ednim 12 mesos) de fruita verda, c\u00edtrics i sec, elaborat amb prensada flor i sense sucre afegit.","robots":{"index":"index","follow":"follow","max-snippet":"max-snippet:-1","max-image-preview":"max-image-preview:large","max-video-preview":"max-video-preview:-1"},"canonical":"https:\/\/condedevalicourt.com\/ca\/permonts-brut-nature-jove-de-guarda\/","og_locale":"ca_ES","og_type":"article","og_title":"PERMONT\u2019S Brut Nature Jove de Guarda \u00b7 Conde de Valicourt (D.O. Cava)","og_description":"Cava Brut Nature jove de guarda (m\u00ednim 12 mesos) de fruita verda, c\u00edtrics i sec, elaborat amb prensada flor i sense sucre afegit.","og_url":"https:\/\/condedevalicourt.com\/ca\/permonts-brut-nature-jove-de-guarda\/","og_site_name":"Conde de Valicourt - Cavas artesanos - Pened\u00e9s (Sant Sadurn\u00ed de Noia)","article_published_time":"2025-10-23T14:22:03+00:00","article_modified_time":"2025-11-05T08:11:12+00:00","og_image":[{"width":675,"height":675,"url":"https:\/\/condedevalicourt.com\/wp-content\/uploads\/permont-d.webp","type":"image\/webp"}],"author":"CdValicourt","twitter_card":"summary_large_image","twitter_misc":{"Escrit per":"CdValicourt","Temps estimat de lectura":"3 minuts"},"schema":{"@context":"https:\/\/schema.org","@graph":[{"@type":"Article","@id":"https:\/\/condedevalicourt.com\/ca\/permonts-brut-nature-jove-de-guarda\/#article","isPartOf":{"@id":"https:\/\/condedevalicourt.com\/ca\/permonts-brut-nature-jove-de-guarda\/"},"author":{"name":"CdValicourt","@id":"https:\/\/condedevalicourt.com\/ca\/#\/schema\/person\/49c60fab6c115846b467eb1d7cfa9177"},"headline":"PERMONT\u2019S Brut Nature Jove de Guarda","datePublished":"2025-10-23T14:22:03+00:00","dateModified":"2025-11-05T08:11:12+00:00","mainEntityOfPage":{"@id":"https:\/\/condedevalicourt.com\/ca\/permonts-brut-nature-jove-de-guarda\/"},"wordCount":3168,"image":{"@id":"https:\/\/condedevalicourt.com\/ca\/permonts-brut-nature-jove-de-guarda\/#primaryimage"},"thumbnailUrl":"https:\/\/condedevalicourt.com\/wp-content\/uploads\/permont-d.webp","articleSection":["Noticies"],"inLanguage":"ca"},{"@type":"WebPage","@id":"https:\/\/condedevalicourt.com\/ca\/permonts-brut-nature-jove-de-guarda\/","url":"https:\/\/condedevalicourt.com\/ca\/permonts-brut-nature-jove-de-guarda\/","name":"PERMONT\u2019S Brut Nature Jove de Guarda \u00b7 Conde de Valicourt (D.O. Cava)","isPartOf":{"@id":"https:\/\/condedevalicourt.com\/ca\/#website"},"primaryImageOfPage":{"@id":"https:\/\/condedevalicourt.com\/ca\/permonts-brut-nature-jove-de-guarda\/#primaryimage"},"image":{"@id":"https:\/\/condedevalicourt.com\/ca\/permonts-brut-nature-jove-de-guarda\/#primaryimage"},"thumbnailUrl":"https:\/\/condedevalicourt.com\/wp-content\/uploads\/permont-d.webp","datePublished":"2025-10-23T14:22:03+00:00","dateModified":"2025-11-05T08:11:12+00:00","author":{"@id":"https:\/\/condedevalicourt.com\/ca\/#\/schema\/person\/49c60fab6c115846b467eb1d7cfa9177"},"description":"Cava Brut Nature jove de guarda (m\u00ednim 12 mesos) de fruita verda, c\u00edtrics i sec, elaborat amb prensada flor i sense sucre afegit.","breadcrumb":{"@id":"https:\/\/condedevalicourt.com\/ca\/permonts-brut-nature-jove-de-guarda\/#breadcrumb"},"inLanguage":"ca","potentialAction":[{"@type":"ReadAction","target":["https:\/\/condedevalicourt.com\/ca\/permonts-brut-nature-jove-de-guarda\/"]}]},{"@type":"ImageObject","inLanguage":"ca","@id":"https:\/\/condedevalicourt.com\/ca\/permonts-brut-nature-jove-de-guarda\/#primaryimage","url":"https:\/\/condedevalicourt.com\/wp-content\/uploads\/permont-d.webp","contentUrl":"https:\/\/condedevalicourt.com\/wp-content\/uploads\/permont-d.webp","width":675,"height":675,"caption":"PERMONT\u2019S Brut Nature Joven de Guarda"},{"@type":"BreadcrumbList","@id":"https:\/\/condedevalicourt.com\/ca\/permonts-brut-nature-jove-de-guarda\/#breadcrumb","itemListElement":[{"@type":"ListItem","position":1,"name":"Portada","item":"https:\/\/condedevalicourt.com\/ca\/"},{"@type":"ListItem","position":2,"name":"PERMONT\u2019S Brut Nature Jove de Guarda"}]},{"@type":"WebSite","@id":"https:\/\/condedevalicourt.com\/ca\/#website","url":"https:\/\/condedevalicourt.com\/ca\/","name":"Conde de Valicourt - Cavas artesanos - Pened\u00e9s (Sant Sadurn\u00ed de Noia)","description":"","potentialAction":[{"@type":"SearchAction","target":{"@type":"EntryPoint","urlTemplate":"https:\/\/condedevalicourt.com\/ca\/?s={search_term_string}"},"query-input":{"@type":"PropertyValueSpecification","valueRequired":true,"valueName":"search_term_string"}}],"inLanguage":"ca"},{"@type":"Person","@id":"https:\/\/condedevalicourt.com\/ca\/#\/schema\/person\/49c60fab6c115846b467eb1d7cfa9177","name":"CdValicourt","sameAs":["https:\/\/condedevalicourt.pruebasweb.com.es"],"url":"https:\/\/condedevalicourt.com\/ca\/author\/CdValicourt\/"}]}},"_links":{"self":[{"href":"https:\/\/condedevalicourt.com\/ca\/wp-json\/wp\/v2\/posts\/716","targetHints":{"allow":["GET"]}}],"collection":[{"href":"https:\/\/condedevalicourt.com\/ca\/wp-json\/wp\/v2\/posts"}],"about":[{"href":"https:\/\/condedevalicourt.com\/ca\/wp-json\/wp\/v2\/types\/post"}],"author":[{"embeddable":true,"href":"https:\/\/condedevalicourt.com\/ca\/wp-json\/wp\/v2\/users\/1"}],"replies":[{"embeddable":true,"href":"https:\/\/condedevalicourt.com\/ca\/wp-json\/wp\/v2\/comments?post=716"}],"version-history":[{"count":0,"href":"https:\/\/condedevalicourt.com\/ca\/wp-json\/wp\/v2\/posts\/716\/revisions"}],"wp:featuredmedia":[{"embeddable":true,"href":"https:\/\/condedevalicourt.com\/ca\/wp-json\/wp\/v2\/media\/715"}],"wp:attachment":[{"href":"https:\/\/condedevalicourt.com\/ca\/wp-json\/wp\/v2\/media?parent=716"}],"wp:term":[{"taxonomy":"category","embeddable":true,"href":"https:\/\/condedevalicourt.com\/ca\/wp-json\/wp\/v2\/categories?post=716"},{"taxonomy":"post_tag","embeddable":true,"href":"https:\/\/condedevalicourt.com\/ca\/wp-json\/wp\/v2\/tags?post=716"}],"curies":[{"name":"wp","href":"https:\/\/api.w.org\/{rel}","templated":true}]}}